{"id":1422,"date":"2016-06-08T17:26:40","date_gmt":"2016-06-08T16:26:40","guid":{"rendered":"https:\/\/ambluanda.esteri.it\/news\/dall_ambasciata\/2016\/06\/accreditamento-dell-ambasciatore\/"},"modified":"2016-06-08T17:26:40","modified_gmt":"2016-06-08T16:26:40","slug":"accreditamento-dell-ambasciatore","status":"publish","type":"post","link":"https:\/\/ambluanda.esteri.it\/it\/news\/dall_ambasciata\/2016\/06\/accreditamento-dell-ambasciatore\/","title":{"rendered":"Accreditamento dell&#8217;Ambasciatore Claudio Miscia"},"content":{"rendered":"<p>Il 9 giugno 2016 Claudio Miscia ha presentato le lettere credenziali firmate dal Presidente della Repubblica Italiana, Sergio Mattarella, che lo accreditano come Ambasciatore Plenipotenziario presso il Presidente della Repubblica dell&#8217;Angola, Jos\u00e9 Eduardo dos Santos. Il 12 maggio 2016 aveva presentato le credenziali al Presidente di S\u00e3o Tom\u00e9 e Pr\u00edncipe, Manuel Pinto da Costa, per l&#8217;accreditamento come Ambasciatore in quella Repubblica.<\/p>\n","protected":false},"excerpt":{"rendered":"Il 9 giugno 2016 Claudio Miscia ha presentato le lettere credenziali firmate dal Presidente della Repubblica Italiana, Sergio Mattarella, che lo accreditano come Ambasciatore Plenipotenziario presso il Presidente della Repubblica dell&#8217;Angola, Jos\u00e9 Eduardo dos Santos. Il 12 maggio 2016 aveva presentato le credenziali al Presidente di S\u00e3o Tom\u00e9 e Pr\u00edncipe, Manuel Pinto da Costa, per [&hellip;]","protected":false},"author":1,"featured_media":0,"comment_status":"","ping_status":"","sticky":false,"template":"","format":"standard","meta":{"footnotes":""},"tags":[],"class_list":["post-1422","post","type-post","status-publish","format-standard","hentry"],"_links":{"self":[{"href":"https:\/\/ambluanda.esteri.it\/it\/wp-json\/wp\/v2\/posts\/1422","targetHints":{"allow":["GET"]}}],"collection":[{"href":"https:\/\/ambluanda.esteri.it\/it\/wp-json\/wp\/v2\/posts"}],"about":[{"href":"https:\/\/ambluanda.esteri.it\/it\/wp-json\/wp\/v2\/types\/post"}],"author":[{"embeddable":true,"href":"https:\/\/ambluanda.esteri.it\/it\/wp-json\/wp\/v2\/users\/1"}],"replies":[{"embeddable":true,"href":"https:\/\/ambluanda.esteri.it\/it\/wp-json\/wp\/v2\/comments?post=1422"}],"version-history":[{"count":0,"href":"https:\/\/ambluanda.esteri.it\/it\/wp-json\/wp\/v2\/posts\/1422\/revisions"}],"wp:attachment":[{"href":"https:\/\/ambluanda.esteri.it\/it\/wp-json\/wp\/v2\/media?parent=1422"}],"wp:term":[{"taxonomy":"post_tag","embeddable":true,"href":"https:\/\/ambluanda.esteri.it\/it\/wp-json\/wp\/v2\/tags?post=1422"}],"curies":[{"name":"wp","href":"https:\/\/api.w.org\/{rel}","templated":true}]}}