{"id":2269,"date":"2024-11-19T17:11:40","date_gmt":"2024-11-19T16:11:40","guid":{"rendered":"https:\/\/ambluanda.esteri.it\/?p=2269"},"modified":"2024-11-19T19:33:09","modified_gmt":"2024-11-19T18:33:09","slug":"lambasciatore-ricci-presenta-le-lettere-credenziali-al-presidente-lourenco","status":"publish","type":"post","link":"https:\/\/ambluanda.esteri.it\/it\/news\/dall_ambasciata\/2024\/11\/lambasciatore-ricci-presenta-le-lettere-credenziali-al-presidente-lourenco\/","title":{"rendered":"L&#8217;Ambasciatore Ricci presenta le lettere credenziali al Presidente Louren\u00e7o"},"content":{"rendered":"<p style=\"text-align: justify;\">L\u2019Ambasciatore Marco Ricci ha presentato le lettere credenziali al Presidente della Repubblica dell\u2019Angola, Jo\u00e3o Manuel Gon\u00e7alves Louren\u00e7o. Il cordiale colloquio con il Capo di Stato angolano ha permesso di ribadire l\u2019eccellenza delle relazioni bilaterali, di cui ricorrer\u00e0 l\u2019anniversario dei 50 anni nel 2026, e la comune volont\u00e0 di estenderle a nuovi ambiti di collaborazione.<\/p>\n","protected":false},"excerpt":{"rendered":"L\u2019Ambasciatore Marco Ricci ha presentato le lettere credenziali al Presidente della Repubblica dell\u2019Angola, Jo\u00e3o Manuel Gon\u00e7alves Louren\u00e7o. Il cordiale colloquio con il Capo di Stato angolano ha permesso di ribadire l\u2019eccellenza delle relazioni bilaterali, di cui ricorrer\u00e0 l\u2019anniversario dei 50 anni nel 2026, e la comune volont\u00e0 di estenderle a nuovi ambiti di collaborazione.","protected":false},"author":4,"featured_media":2270,"comment_status":"closed","ping_status":"closed","sticky":false,"template":"","format":"standard","meta":{"footnotes":""},"tags":[],"class_list":["post-2269","post","type-post","status-publish","format-standard","has-post-thumbnail","hentry"],"_links":{"self":[{"href":"https:\/\/ambluanda.esteri.it\/it\/wp-json\/wp\/v2\/posts\/2269","targetHints":{"allow":["GET"]}}],"collection":[{"href":"https:\/\/ambluanda.esteri.it\/it\/wp-json\/wp\/v2\/posts"}],"about":[{"href":"https:\/\/ambluanda.esteri.it\/it\/wp-json\/wp\/v2\/types\/post"}],"author":[{"embeddable":true,"href":"https:\/\/ambluanda.esteri.it\/it\/wp-json\/wp\/v2\/users\/4"}],"replies":[{"embeddable":true,"href":"https:\/\/ambluanda.esteri.it\/it\/wp-json\/wp\/v2\/comments?post=2269"}],"version-history":[{"count":3,"href":"https:\/\/ambluanda.esteri.it\/it\/wp-json\/wp\/v2\/posts\/2269\/revisions"}],"predecessor-version":[{"id":2296,"href":"https:\/\/ambluanda.esteri.it\/it\/wp-json\/wp\/v2\/posts\/2269\/revisions\/2296"}],"wp:featuredmedia":[{"embeddable":true,"href":"https:\/\/ambluanda.esteri.it\/it\/wp-json\/wp\/v2\/media\/2270"}],"wp:attachment":[{"href":"https:\/\/ambluanda.esteri.it\/it\/wp-json\/wp\/v2\/media?parent=2269"}],"wp:term":[{"taxonomy":"post_tag","embeddable":true,"href":"https:\/\/ambluanda.esteri.it\/it\/wp-json\/wp\/v2\/tags?post=2269"}],"curies":[{"name":"wp","href":"https:\/\/api.w.org\/{rel}","templated":true}]}}