{"id":1423,"date":"2016-06-08T17:26:40","date_gmt":"2016-06-08T16:26:40","guid":{"rendered":"https:\/\/ambluanda.esteri.it\/news\/dall_ambasciata\/2016\/06\/accreditamento-dell-ambasciatore-2\/"},"modified":"2016-06-08T17:26:40","modified_gmt":"2016-06-08T16:26:40","slug":"accreditamento-dell-ambasciatore-2","status":"publish","type":"post","link":"https:\/\/ambluanda.esteri.it\/pt\/news\/dall_ambasciata\/2016\/06\/accreditamento-dell-ambasciatore-2\/","title":{"rendered":"Acredita\u00e7\u00e3o do Embaixador Claudio Miscia"},"content":{"rendered":"<p>No dia 9 de Junho de 2016 Claudio Miscia apresentou as cartas credenciais assinadas pelo Presidente da Rep\u00fablica Italiana, Sergio Mattarella, que acreditam-no como Embaixador Plenipotenci\u00e1rio junto do Presidente da Rep\u00fablica de Angola, Jos\u00e9 Eduardo dos Santos. No dia 12 de Maio de 2016 tinha apresentado as credenciais ao Presidente de S\u00e3o Tom\u00e9 e Pr\u00edncipe, Manuel Pinto da Costa, para a acredita\u00e7\u00e3o como Embaixador naquela Rep\u00fablica.<\/p>\n","protected":false},"excerpt":{"rendered":"No dia 9 de Junho de 2016 Claudio Miscia apresentou as cartas credenciais assinadas pelo Presidente da Rep\u00fablica Italiana, Sergio Mattarella, que acreditam-no como Embaixador Plenipotenci\u00e1rio junto do Presidente da Rep\u00fablica de Angola, Jos\u00e9 Eduardo dos Santos. No dia 12 de Maio de 2016 tinha apresentado as credenciais ao Presidente de S\u00e3o Tom\u00e9 e Pr\u00edncipe, [&hellip;]","protected":false},"author":1,"featured_media":0,"comment_status":"","ping_status":"","sticky":false,"template":"","format":"standard","meta":{"footnotes":""},"tags":[],"class_list":["post-1423","post","type-post","status-publish","format-standard","hentry"],"_links":{"self":[{"href":"https:\/\/ambluanda.esteri.it\/pt\/wp-json\/wp\/v2\/posts\/1423","targetHints":{"allow":["GET"]}}],"collection":[{"href":"https:\/\/ambluanda.esteri.it\/pt\/wp-json\/wp\/v2\/posts"}],"about":[{"href":"https:\/\/ambluanda.esteri.it\/pt\/wp-json\/wp\/v2\/types\/post"}],"author":[{"embeddable":true,"href":"https:\/\/ambluanda.esteri.it\/pt\/wp-json\/wp\/v2\/users\/1"}],"replies":[{"embeddable":true,"href":"https:\/\/ambluanda.esteri.it\/pt\/wp-json\/wp\/v2\/comments?post=1423"}],"version-history":[{"count":0,"href":"https:\/\/ambluanda.esteri.it\/pt\/wp-json\/wp\/v2\/posts\/1423\/revisions"}],"wp:attachment":[{"href":"https:\/\/ambluanda.esteri.it\/pt\/wp-json\/wp\/v2\/media?parent=1423"}],"wp:term":[{"taxonomy":"post_tag","embeddable":true,"href":"https:\/\/ambluanda.esteri.it\/pt\/wp-json\/wp\/v2\/tags?post=1423"}],"curies":[{"name":"wp","href":"https:\/\/api.w.org\/{rel}","templated":true}]}}