{"id":3124,"date":"2025-09-26T16:11:40","date_gmt":"2025-09-26T15:11:40","guid":{"rendered":"https:\/\/ambluanda.esteri.it\/news\/dall_ambasciata\/2025\/09\/italia-e-angola-riaffermano-la-cooperazione-nel-settore-della-difesa\/"},"modified":"2025-09-26T16:18:01","modified_gmt":"2025-09-26T15:18:01","slug":"italia-e-angola-riaffermano-la-cooperazione-nel-settore-della-difesa","status":"publish","type":"post","link":"https:\/\/ambluanda.esteri.it\/pt\/news\/dall_ambasciata\/2025\/09\/italia-e-angola-riaffermano-la-cooperazione-nel-settore-della-difesa\/","title":{"rendered":"It\u00e1lia e Angola reafirmam a coopera\u00e7\u00e3o no sector da Defesa"},"content":{"rendered":"<p style=\"text-align: justify;\">O Embaixador da It\u00e1lia em Angola, Marco Ricci, foi recebido ontem, 25 de Setembro, pelo Ministro da Defesa Nacional, Antigos Combatentes e Veteranos da P\u00e1tria, Jo\u00e3o Ernesto dos Santos, num encontro dedicado ao refor\u00e7o da coopera\u00e7\u00e3o t\u00e9cnico-militar bilateral.<\/p>\n<p style=\"text-align: justify;\">A reuni\u00e3o, realizada na sede do Minist\u00e9rio da Defesa, reafirmou o compromisso rec\u00edproco dos dois pa\u00edses em aprofundar as rela\u00e7\u00f5es no sector da Defesa, inserindo-se numa fase din\u00e2mica da coopera\u00e7\u00e3o entre as For\u00e7as Armadas Angolanas e a Marinha Militar Italiana.<\/p>\n<p style=\"text-align: justify;\">Recentemente, dois navios-patrulha italianos escalaram em Angola no \u00e2mbito de uma opera\u00e7\u00e3o no Golfo da Guin\u00e9. Durante a miss\u00e3o, foram promovidas actividades conjuntas de treino e interc\u00e2mbio de experi\u00eancias com militares angolanos, refor\u00e7ando o conhecimento espec\u00edfico sobre modalidades operacionais.<\/p>\n<p style=\"text-align: justify;\">No dom\u00ednio da forma\u00e7\u00e3o, destaca-se a participa\u00e7\u00e3o de um oficial superior angolano em um programa de alta forma\u00e7\u00e3o militar em It\u00e1lia, evidenciando o investimento cont\u00ednuo na qualifica\u00e7\u00e3o t\u00e9cnica e no desenvolvimento de capacidades.<\/p>\n<p style=\"text-align: justify;\">A coopera\u00e7\u00e3o estende-se igualmente ao sector da ind\u00fastria de defesa, com empresas italianas manifestando interesse em contribuir para o desenvolvimento tecnol\u00f3gico e produtivo de Angola.<\/p>\n<p style=\"text-align: justify;\">No final do encontro, o Embaixador Marco Ricci ofereceu ao Ministro da Defesa duas imagens hist\u00f3ricas da fot\u00f3grafa italiana Augusta Conchiglia, que entrou clandestinamente em Angola em 1968 e, atrav\u00e9s da sua documenta\u00e7\u00e3o, contribuiu para dar a conhecer internacionalmente o processo de luta de liberta\u00e7\u00e3o nacional.<\/p>\n<p style=\"text-align: justify;\">Esta parceria refor\u00e7a o compromisso da It\u00e1lia com as prioridades estrat\u00e9gicas de Angola e confirma o papel de Roma como parceiro-chave no continente africano.<\/p>\n","protected":false},"excerpt":{"rendered":"O Embaixador da It\u00e1lia em Angola, Marco Ricci, foi recebido ontem, 25 de Setembro, pelo Ministro da Defesa Nacional, Antigos Combatentes e Veteranos da P\u00e1tria, Jo\u00e3o Ernesto dos Santos, num encontro dedicado ao refor\u00e7o da coopera\u00e7\u00e3o t\u00e9cnico-militar bilateral. A reuni\u00e3o, realizada na sede do Minist\u00e9rio da Defesa, reafirmou o compromisso rec\u00edproco dos dois pa\u00edses em [&hellip;]","protected":false},"author":4,"featured_media":3119,"comment_status":"closed","ping_status":"closed","sticky":false,"template":"","format":"standard","meta":{"footnotes":""},"tags":[],"class_list":["post-3124","post","type-post","status-publish","format-standard","has-post-thumbnail","hentry"],"_links":{"self":[{"href":"https:\/\/ambluanda.esteri.it\/pt\/wp-json\/wp\/v2\/posts\/3124","targetHints":{"allow":["GET"]}}],"collection":[{"href":"https:\/\/ambluanda.esteri.it\/pt\/wp-json\/wp\/v2\/posts"}],"about":[{"href":"https:\/\/ambluanda.esteri.it\/pt\/wp-json\/wp\/v2\/types\/post"}],"author":[{"embeddable":true,"href":"https:\/\/ambluanda.esteri.it\/pt\/wp-json\/wp\/v2\/users\/4"}],"replies":[{"embeddable":true,"href":"https:\/\/ambluanda.esteri.it\/pt\/wp-json\/wp\/v2\/comments?post=3124"}],"version-history":[{"count":1,"href":"https:\/\/ambluanda.esteri.it\/pt\/wp-json\/wp\/v2\/posts\/3124\/revisions"}],"predecessor-version":[{"id":3127,"href":"https:\/\/ambluanda.esteri.it\/pt\/wp-json\/wp\/v2\/posts\/3124\/revisions\/3127"}],"wp:featuredmedia":[{"embeddable":true,"href":"https:\/\/ambluanda.esteri.it\/pt\/wp-json\/wp\/v2\/media\/3119"}],"wp:attachment":[{"href":"https:\/\/ambluanda.esteri.it\/pt\/wp-json\/wp\/v2\/media?parent=3124"}],"wp:term":[{"taxonomy":"post_tag","embeddable":true,"href":"https:\/\/ambluanda.esteri.it\/pt\/wp-json\/wp\/v2\/tags?post=3124"}],"curies":[{"name":"wp","href":"https:\/\/api.w.org\/{rel}","templated":true}]}}