{"id":3755,"date":"2026-03-11T10:16:07","date_gmt":"2026-03-11T09:16:07","guid":{"rendered":"https:\/\/ambluanda.esteri.it\/news\/dall_ambasciata\/2026\/03\/lambasciatore-ditalia-incontra-il-presidente-del-parlamento-angolano-il-presidente-del-parlamento\/"},"modified":"2026-03-11T10:22:22","modified_gmt":"2026-03-11T09:22:22","slug":"lambasciatore-ditalia-incontra-il-presidente-del-parlamento-angolano-il-presidente-del-parlamento","status":"publish","type":"post","link":"https:\/\/ambluanda.esteri.it\/pt\/news\/dall_ambasciata\/2026\/03\/lambasciatore-ditalia-incontra-il-presidente-del-parlamento-angolano-il-presidente-del-parlamento\/","title":{"rendered":"Embaixador da It\u00e1lia recebido pelo Presidente da Assembleia Nacional"},"content":{"rendered":"<p style=\"text-align: justify;\">O Embaixador da It\u00e1lia em Angola, Marco Ricci, foi recebido esta ter\u00e7a-feira, 10 de Mar\u00e7o, pelo Presidente da Assembleia Nacional de Angola, Ad\u00e3o de Almeida.<\/p>\n<p style=\"text-align: justify;\">A audi\u00eancia constituiu uma ocasi\u00e3o formal para refor\u00e7ar os v\u00ednculos institucionais entre a It\u00e1lia e Angola, com especial enfoque na coopera\u00e7\u00e3o parlamentar e no aprofundamento do di\u00e1logo bilateral entre as respectivas institui\u00e7\u00f5es legislativas.<\/p>\n<p style=\"text-align: justify;\">Durante o encontro, o embaixador transmitiu cumprimentos institucionais e reafirmou o compromisso da It\u00e1lia em consolidar uma parceria estrat\u00e9gica, promovendo iniciativas conjuntas que fortale\u00e7am os la\u00e7os hist\u00f3ricos e de amizade duradouros entre os dois pa\u00edses.<\/p>\n<p>A Embaixada da It\u00e1lia em Angola destaca o papel hist\u00f3rico da It\u00e1lia no reconhecimento da independ\u00eancia de Angola, em 11 de Novembro de 1975, como marco de confian\u00e7a e colabora\u00e7\u00e3o bilateral.<\/p>\n<p>A Embaixada permanece plenamente empenhada em promover o di\u00e1logo institucional, a coopera\u00e7\u00e3o estrat\u00e9gica e a amizade cont\u00ednua entre a It\u00e1lia e Angola, em todas as \u00e1reas de interesse comum.<\/p>\n","protected":false},"excerpt":{"rendered":"O Embaixador da It\u00e1lia em Angola, Marco Ricci, foi recebido esta ter\u00e7a-feira, 10 de Mar\u00e7o, pelo Presidente da Assembleia Nacional de Angola, Ad\u00e3o de Almeida. A audi\u00eancia constituiu uma ocasi\u00e3o formal para refor\u00e7ar os v\u00ednculos institucionais entre a It\u00e1lia e Angola, com especial enfoque na coopera\u00e7\u00e3o parlamentar e no aprofundamento do di\u00e1logo bilateral entre as [&hellip;]","protected":false},"author":4,"featured_media":3737,"comment_status":"closed","ping_status":"closed","sticky":false,"template":"","format":"standard","meta":{"footnotes":""},"tags":[],"class_list":["post-3755","post","type-post","status-publish","format-standard","has-post-thumbnail","hentry"],"_links":{"self":[{"href":"https:\/\/ambluanda.esteri.it\/pt\/wp-json\/wp\/v2\/posts\/3755","targetHints":{"allow":["GET"]}}],"collection":[{"href":"https:\/\/ambluanda.esteri.it\/pt\/wp-json\/wp\/v2\/posts"}],"about":[{"href":"https:\/\/ambluanda.esteri.it\/pt\/wp-json\/wp\/v2\/types\/post"}],"author":[{"embeddable":true,"href":"https:\/\/ambluanda.esteri.it\/pt\/wp-json\/wp\/v2\/users\/4"}],"replies":[{"embeddable":true,"href":"https:\/\/ambluanda.esteri.it\/pt\/wp-json\/wp\/v2\/comments?post=3755"}],"version-history":[{"count":1,"href":"https:\/\/ambluanda.esteri.it\/pt\/wp-json\/wp\/v2\/posts\/3755\/revisions"}],"predecessor-version":[{"id":3757,"href":"https:\/\/ambluanda.esteri.it\/pt\/wp-json\/wp\/v2\/posts\/3755\/revisions\/3757"}],"wp:featuredmedia":[{"embeddable":true,"href":"https:\/\/ambluanda.esteri.it\/pt\/wp-json\/wp\/v2\/media\/3737"}],"wp:attachment":[{"href":"https:\/\/ambluanda.esteri.it\/pt\/wp-json\/wp\/v2\/media?parent=3755"}],"wp:term":[{"taxonomy":"post_tag","embeddable":true,"href":"https:\/\/ambluanda.esteri.it\/pt\/wp-json\/wp\/v2\/tags?post=3755"}],"curies":[{"name":"wp","href":"https:\/\/api.w.org\/{rel}","templated":true}]}}