{"id":3901,"date":"2026-04-27T09:52:48","date_gmt":"2026-04-27T08:52:48","guid":{"rendered":"https:\/\/ambluanda.esteri.it\/news\/dall_ambasciata\/2026\/04\/la-cultura-avvicina-angola-e-italia-al-palazzo-di-ferro\/"},"modified":"2026-04-28T13:01:52","modified_gmt":"2026-04-28T12:01:52","slug":"la-cultura-avvicina-angola-e-italia-al-palazzo-di-ferro","status":"publish","type":"post","link":"https:\/\/ambluanda.esteri.it\/pt\/news\/dall_ambasciata\/2026\/04\/la-cultura-avvicina-angola-e-italia-al-palazzo-di-ferro\/","title":{"rendered":"A cultura aproxima Angola e It\u00e1lia no Pal\u00e1cio de Ferro"},"content":{"rendered":"<p style=\"text-align: justify;\">O Encarregado de Neg\u00f3cios da Embaixada de It\u00e1lia em Angola, Vito Graziano, interveio, na sexta-feira, 24 de Abril, no \u00e2mbito da celebra\u00e7\u00e3o do projecto \u201cKonectandu Versi Diversi\u201d, que teve lugar no emblem\u00e1tico Pal\u00e1cio de Ferro, em Luanda.<\/p>\n<p style=\"text-align: justify;\">A cerim\u00f3nia contou igualmente com a presen\u00e7a da Secret\u00e1ria de Estado para a Cultura, Maria de Jes\u00fas, bem como de diversas individualidades institucionais, artistas e convidados.<\/p>\n<p style=\"text-align: justify;\">Na sua interven\u00e7\u00e3o, Vito Graziano destacou o papel da cultura enquanto elo de liga\u00e7\u00e3o entre os povos, sublinhando que \u201ca poesia, a m\u00fasica, o teatro e a dan\u00e7a constituem linguagens universais que transcendem fronteiras, aproximam os povos e permitem uma melhor compreens\u00e3o de n\u00f3s pr\u00f3prios e dos outros.\u201d<\/p>\n<p style=\"text-align: justify;\">A sess\u00e3o contou ainda com a participa\u00e7\u00e3o da artista italiana Ginevra Spinozzi, cuja actua\u00e7\u00e3o veio enriquecer o programa, proporcionando um momento de significativa partilha art\u00edstica e cultural entre Angola e It\u00e1lia.<\/p>\n<p style=\"text-align: justify;\">Esta iniciativa reveste-se de particular relev\u00e2ncia num ano em que se assinalam os 50 anos de rela\u00e7\u00f5es diplom\u00e1ticas entre Angola e It\u00e1lia, reafirmando a cultura como um dos pilares essenciais da coopera\u00e7\u00e3o entre ambos os pa\u00edses.<\/p>\n<p style=\"text-align: justify;\">A Embaixada de It\u00e1lia em Angola reiterou o seu compromisso em continuar a apoiar iniciativas que promovam o interc\u00e2mbio cultural e reforcem os la\u00e7os hist\u00f3ricos e humanos entre Angola e It\u00e1lia.<\/p>\n","protected":false},"excerpt":{"rendered":"O Encarregado de Neg\u00f3cios da Embaixada de It\u00e1lia em Angola, Vito Graziano, interveio, na sexta-feira, 24 de Abril, no \u00e2mbito da celebra\u00e7\u00e3o do projecto \u201cKonectandu Versi Diversi\u201d, que teve lugar no emblem\u00e1tico Pal\u00e1cio de Ferro, em Luanda. A cerim\u00f3nia contou igualmente com a presen\u00e7a da Secret\u00e1ria de Estado para a Cultura, Maria de Jes\u00fas, bem [&hellip;]","protected":false},"author":4,"featured_media":3884,"comment_status":"closed","ping_status":"closed","sticky":false,"template":"","format":"standard","meta":{"footnotes":""},"tags":[],"class_list":["post-3901","post","type-post","status-publish","format-standard","has-post-thumbnail","hentry"],"_links":{"self":[{"href":"https:\/\/ambluanda.esteri.it\/pt\/wp-json\/wp\/v2\/posts\/3901","targetHints":{"allow":["GET"]}}],"collection":[{"href":"https:\/\/ambluanda.esteri.it\/pt\/wp-json\/wp\/v2\/posts"}],"about":[{"href":"https:\/\/ambluanda.esteri.it\/pt\/wp-json\/wp\/v2\/types\/post"}],"author":[{"embeddable":true,"href":"https:\/\/ambluanda.esteri.it\/pt\/wp-json\/wp\/v2\/users\/4"}],"replies":[{"embeddable":true,"href":"https:\/\/ambluanda.esteri.it\/pt\/wp-json\/wp\/v2\/comments?post=3901"}],"version-history":[{"count":1,"href":"https:\/\/ambluanda.esteri.it\/pt\/wp-json\/wp\/v2\/posts\/3901\/revisions"}],"predecessor-version":[{"id":3904,"href":"https:\/\/ambluanda.esteri.it\/pt\/wp-json\/wp\/v2\/posts\/3901\/revisions\/3904"}],"wp:featuredmedia":[{"embeddable":true,"href":"https:\/\/ambluanda.esteri.it\/pt\/wp-json\/wp\/v2\/media\/3884"}],"wp:attachment":[{"href":"https:\/\/ambluanda.esteri.it\/pt\/wp-json\/wp\/v2\/media?parent=3901"}],"wp:term":[{"taxonomy":"post_tag","embeddable":true,"href":"https:\/\/ambluanda.esteri.it\/pt\/wp-json\/wp\/v2\/tags?post=3901"}],"curies":[{"name":"wp","href":"https:\/\/api.w.org\/{rel}","templated":true}]}}