{"id":904,"date":"2022-07-14T10:23:45","date_gmt":"2022-07-14T09:23:45","guid":{"rendered":"https:\/\/ambluanda.esteri.it\/news\/dall_ambasciata\/2022\/07\/omaggio-dell-ambasciatore-all-ex-2\/"},"modified":"2022-07-14T10:23:45","modified_gmt":"2022-07-14T09:23:45","slug":"omaggio-dell-ambasciatore-all-ex-2","status":"publish","type":"post","link":"https:\/\/ambluanda.esteri.it\/pt\/news\/dall_ambasciata\/2022\/07\/omaggio-dell-ambasciatore-all-ex-2\/","title":{"rendered":"HOMENAGEM DO EMBAIXADOR AO ANTIGO PRESIDENTE DA REP\u00daBLICA DE ANGOLA"},"content":{"rendered":"<p>O Embaixador Cristiano Gallo prestou homenagem ao Ex-Presidente da Rep\u00fablica de Angola Jos\u00e9 Eduardo dos Santos, falecido no passado dia 8 de Julho, junto aos outros Chefes de Miss\u00e3o residentes em Luanda.<\/p>\n","protected":false},"excerpt":{"rendered":"O Embaixador Cristiano Gallo prestou homenagem ao Ex-Presidente da Rep\u00fablica de Angola Jos\u00e9 Eduardo dos Santos, falecido no passado dia 8 de Julho, junto aos outros Chefes de Miss\u00e3o residentes em Luanda.","protected":false},"author":1,"featured_media":0,"comment_status":"","ping_status":"","sticky":false,"template":"","format":"standard","meta":{"footnotes":""},"tags":[],"class_list":["post-904","post","type-post","status-publish","format-standard","hentry"],"_links":{"self":[{"href":"https:\/\/ambluanda.esteri.it\/pt\/wp-json\/wp\/v2\/posts\/904","targetHints":{"allow":["GET"]}}],"collection":[{"href":"https:\/\/ambluanda.esteri.it\/pt\/wp-json\/wp\/v2\/posts"}],"about":[{"href":"https:\/\/ambluanda.esteri.it\/pt\/wp-json\/wp\/v2\/types\/post"}],"author":[{"embeddable":true,"href":"https:\/\/ambluanda.esteri.it\/pt\/wp-json\/wp\/v2\/users\/1"}],"replies":[{"embeddable":true,"href":"https:\/\/ambluanda.esteri.it\/pt\/wp-json\/wp\/v2\/comments?post=904"}],"version-history":[{"count":0,"href":"https:\/\/ambluanda.esteri.it\/pt\/wp-json\/wp\/v2\/posts\/904\/revisions"}],"wp:attachment":[{"href":"https:\/\/ambluanda.esteri.it\/pt\/wp-json\/wp\/v2\/media?parent=904"}],"wp:term":[{"taxonomy":"post_tag","embeddable":true,"href":"https:\/\/ambluanda.esteri.it\/pt\/wp-json\/wp\/v2\/tags?post=904"}],"curies":[{"name":"wp","href":"https:\/\/api.w.org\/{rel}","templated":true}]}}