{"id":920,"date":"2022-05-17T17:14:25","date_gmt":"2022-05-17T16:14:25","guid":{"rendered":"https:\/\/ambluanda.esteri.it\/news\/dall_ambasciata\/2022\/05\/visita-dell-ambasciatore-cristiano_2-2\/"},"modified":"2022-05-17T17:14:25","modified_gmt":"2022-05-17T16:14:25","slug":"visita-dell-ambasciatore-cristiano_2-2","status":"publish","type":"post","link":"https:\/\/ambluanda.esteri.it\/pt\/news\/dall_ambasciata\/2022\/05\/visita-dell-ambasciatore-cristiano_2-2\/","title":{"rendered":"VISITA DO EMBAIXADOR CRISTIANO GALLO \u00c0 INALCA ANGOLA"},"content":{"rendered":"<p style=\"text-align: justify;\">O Embaixador Cristiano\u00a0Gallo visitou no\u00a0Palanca (Luanda)\u00a0uma das f\u00e1bricas da Inalca Angola, empresa do sector agro-alimentar do grupo Cremonini com d\u00e9cadas de hist\u00f3ria de sucesso no Pa\u00eds. O encontro com o Director Geral Jo\u00e3o Almeida ofereceu a ocasi\u00e3o para\u00a0discutir sobre\u00a0futuros\u00a0projectos\u00a0da empresa com vista a consolidar ainda mais a sua presen\u00e7a no mercado angolano.<\/p>\n","protected":false},"excerpt":{"rendered":"O Embaixador Cristiano\u00a0Gallo visitou no\u00a0Palanca (Luanda)\u00a0uma das f\u00e1bricas da Inalca Angola, empresa do sector agro-alimentar do grupo Cremonini com d\u00e9cadas de hist\u00f3ria de sucesso no Pa\u00eds. O encontro com o Director Geral Jo\u00e3o Almeida ofereceu a ocasi\u00e3o para\u00a0discutir sobre\u00a0futuros\u00a0projectos\u00a0da empresa com vista a consolidar ainda mais a sua presen\u00e7a no mercado angolano.","protected":false},"author":1,"featured_media":0,"comment_status":"","ping_status":"","sticky":false,"template":"","format":"standard","meta":{"footnotes":""},"tags":[],"class_list":["post-920","post","type-post","status-publish","format-standard","hentry"],"_links":{"self":[{"href":"https:\/\/ambluanda.esteri.it\/pt\/wp-json\/wp\/v2\/posts\/920","targetHints":{"allow":["GET"]}}],"collection":[{"href":"https:\/\/ambluanda.esteri.it\/pt\/wp-json\/wp\/v2\/posts"}],"about":[{"href":"https:\/\/ambluanda.esteri.it\/pt\/wp-json\/wp\/v2\/types\/post"}],"author":[{"embeddable":true,"href":"https:\/\/ambluanda.esteri.it\/pt\/wp-json\/wp\/v2\/users\/1"}],"replies":[{"embeddable":true,"href":"https:\/\/ambluanda.esteri.it\/pt\/wp-json\/wp\/v2\/comments?post=920"}],"version-history":[{"count":0,"href":"https:\/\/ambluanda.esteri.it\/pt\/wp-json\/wp\/v2\/posts\/920\/revisions"}],"wp:attachment":[{"href":"https:\/\/ambluanda.esteri.it\/pt\/wp-json\/wp\/v2\/media?parent=920"}],"wp:term":[{"taxonomy":"post_tag","embeddable":true,"href":"https:\/\/ambluanda.esteri.it\/pt\/wp-json\/wp\/v2\/tags?post=920"}],"curies":[{"name":"wp","href":"https:\/\/api.w.org\/{rel}","templated":true}]}}