{"id":928,"date":"2022-04-22T19:28:14","date_gmt":"2022-04-22T18:28:14","guid":{"rendered":"https:\/\/ambluanda.esteri.it\/news\/dall_ambasciata\/2022\/04\/visita-a-luanda-dei-ministri-di-2\/"},"modified":"2022-04-22T19:28:14","modified_gmt":"2022-04-22T18:28:14","slug":"visita-a-luanda-dei-ministri-di-2","status":"publish","type":"post","link":"https:\/\/ambluanda.esteri.it\/pt\/news\/dall_ambasciata\/2022\/04\/visita-a-luanda-dei-ministri-di-2\/","title":{"rendered":"Visita dos Ministros Di Maio e Cingolani  a Luanda (20 de Abril de 2022)"},"content":{"rendered":"<p style=\"text-align: justify;\">Decorreu na quarta-feira 20 de Abril em Luanda a visita dos Ministros dos Neg\u00f3cios Estrangeiros Luigi Di Maio e da Transi\u00e7\u00e3o Ecol\u00f3gica Roberto Cingolani por delega\u00e7\u00e3o do Presidente do Conselho de Ministros Mario Draghi, acompanhados pelo Director Executivo da ENI, Claudio Descalzi que j\u00e1 tinha acompanhado o Ministro Di Maio na sua primeira miss\u00e3o a Angola, h\u00e1 pouco mais de um m\u00eas.<\/p>\n<p style=\"text-align: justify;\">O programa da visita foi articulado num encontro com o Chefe de Estado Jo\u00e3o Louren\u00e7o, que antes manteve um col\u00f3quio telef\u00f3nico de cortesia com o Presidente Draghi e na cerim\u00f3nia de assinatura de uma Declara\u00e7\u00e3o de Inten\u00e7\u00f5es sobre a coopera\u00e7\u00e3o no dom\u00ednio energ\u00e9tico entre o Ministro da Transi\u00e7\u00e3o Ecol\u00f3gica italiano e o Ministro dos Recursos Minerais, Petr\u00f3leo e G\u00e1s angolano, na presen\u00e7a dos titulares dos Neg\u00f3cios Estrangeiros dos dois Pa\u00edses na sede do Minist\u00e9rio das Rela\u00e7\u00f5es Exteriores.<\/p>\n","protected":false},"excerpt":{"rendered":"Decorreu na quarta-feira 20 de Abril em Luanda a visita dos Ministros dos Neg\u00f3cios Estrangeiros Luigi Di Maio e da Transi\u00e7\u00e3o Ecol\u00f3gica Roberto Cingolani por delega\u00e7\u00e3o do Presidente do Conselho de Ministros Mario Draghi, acompanhados pelo Director Executivo da ENI, Claudio Descalzi que j\u00e1 tinha acompanhado o Ministro Di Maio na sua primeira miss\u00e3o a [&hellip;]","protected":false},"author":1,"featured_media":0,"comment_status":"","ping_status":"","sticky":false,"template":"","format":"standard","meta":{"footnotes":""},"tags":[],"class_list":["post-928","post","type-post","status-publish","format-standard","hentry"],"_links":{"self":[{"href":"https:\/\/ambluanda.esteri.it\/pt\/wp-json\/wp\/v2\/posts\/928","targetHints":{"allow":["GET"]}}],"collection":[{"href":"https:\/\/ambluanda.esteri.it\/pt\/wp-json\/wp\/v2\/posts"}],"about":[{"href":"https:\/\/ambluanda.esteri.it\/pt\/wp-json\/wp\/v2\/types\/post"}],"author":[{"embeddable":true,"href":"https:\/\/ambluanda.esteri.it\/pt\/wp-json\/wp\/v2\/users\/1"}],"replies":[{"embeddable":true,"href":"https:\/\/ambluanda.esteri.it\/pt\/wp-json\/wp\/v2\/comments?post=928"}],"version-history":[{"count":0,"href":"https:\/\/ambluanda.esteri.it\/pt\/wp-json\/wp\/v2\/posts\/928\/revisions"}],"wp:attachment":[{"href":"https:\/\/ambluanda.esteri.it\/pt\/wp-json\/wp\/v2\/media?parent=928"}],"wp:term":[{"taxonomy":"post_tag","embeddable":true,"href":"https:\/\/ambluanda.esteri.it\/pt\/wp-json\/wp\/v2\/tags?post=928"}],"curies":[{"name":"wp","href":"https:\/\/api.w.org\/{rel}","templated":true}]}}