{"id":940,"date":"2022-03-21T12:28:57","date_gmt":"2022-03-21T11:28:57","guid":{"rendered":"https:\/\/ambluanda.esteri.it\/news\/dall_ambasciata\/2022\/03\/premi-e-contributi-in-favore-delle_0-2\/"},"modified":"2022-03-21T12:28:57","modified_gmt":"2022-03-21T11:28:57","slug":"premi-e-contributi-in-favore-delle_0-2","status":"publish","type":"post","link":"https:\/\/ambluanda.esteri.it\/pt\/news\/dall_ambasciata\/2022\/03\/premi-e-contributi-in-favore-delle_0-2\/","title":{"rendered":"PR\u00caMIOS E CONTRIBUTOS A FAVOR DE TRADU\u00c7\u00d5ES EM L\u00cdNGUA ESTRANGEIRA DE OBRAS LITER\u00c1RIAS E CIENT\u00cdFICAS &#8211; CANDIDATURAS AT\u00c9 6 DE MAIO DE 2022"},"content":{"rendered":"<p style=\"text-align: justify;\">PR\u00caMIOS E CONTRIBUTOS A FAVOR DE TRADU\u00c7\u00d5ES EM L\u00cdNGUA ESTRANGEIRA DE OBRAS LITER\u00c1RIAS E CIENT\u00cdFICAS (TAMB\u00c9M EM SUPORTE DIGITAL), PRODU\u00c7\u00c3O, DUBLAGEM OU LEGENDAGEM EM L\u00cdNGUA ESTRANGEIRA DE CURTAS-METRAGENS , LONGAS-METRAGENS E S\u00c9RIES DE TELEVIS\u00c3O \u2013 CANDIDATURAS AT\u00c9 6 DE MAIO DE 2022<\/p>\n<p style=\"text-align: justify;\">Est\u00e1 online o concurso para atribui\u00e7\u00e3o de <strong>pr\u00e9mios e contributos a favor de tradu\u00e7\u00f5es em l\u00edngua estrangeira de obras liter\u00e1rias e cient\u00edficas (incluindo suportes digitais), produ\u00e7\u00e3o, dublagem ou legendagem em l\u00edngua estrangeira de curtas-metragens, longas-metragens e s\u00e9ries de televis\u00e3o<\/strong>.<\/p>\n<p style=\"text-align: justify;\">As candidaturas devem ser submetidas pelos candidatos usando apenas o formul\u00e1rio apropriado (dispon\u00edvel em italiano e ingl\u00eas). As candidaturas completas de todos os documentos listados no edital devem ser enviadas \u00e0 Embaixada da It\u00e1lia em Luanda <strong><span style=\"text-decoration: underline;\">at\u00e9 6 de maio de 2022<\/span><\/strong>.<\/p>\n<p style=\"text-align: justify;\">Toda a documenta\u00e7\u00e3o \u00fatil para participar do concurso est\u00e1 anexada a este aviso clicando nos seguintes itens:<\/p>\n<p>1) <a href=\"resource\/doc\/2022\/03\/2022_bando_premi_e_contributi_firmato.pdf\">Edital do concurso para pr\u00eamios e contributos (em italiano)<\/a><\/p>\n<p>2) Normas de refer\u00eancia (<a href=\"resource\/doc\/2022\/03\/d.m._n.593_1995_e_d.m.159_2014_compressed.pdf\">D.M.n. 593\/95 e D.M. 159\/2014<\/a>, <a href=\"resource\/doc\/2022\/03\/d.m._236_del_18_novembre_2021.pdf\">D.M. 236\/2021<\/a>)<\/p>\n<p>3) <a href=\"resource\/doc\/2022\/03\/2022_moduli_di_domanda_inglese_e_italiano.docx\">Formul\u00e1rio de inscri\u00e7\u00e3o em italiano e ingl\u00eas<\/a><\/p>\n","protected":false},"excerpt":{"rendered":"PR\u00caMIOS E CONTRIBUTOS A FAVOR DE TRADU\u00c7\u00d5ES EM L\u00cdNGUA ESTRANGEIRA DE OBRAS LITER\u00c1RIAS E CIENT\u00cdFICAS (TAMB\u00c9M EM SUPORTE DIGITAL), PRODU\u00c7\u00c3O, DUBLAGEM OU LEGENDAGEM EM L\u00cdNGUA ESTRANGEIRA DE CURTAS-METRAGENS , LONGAS-METRAGENS E S\u00c9RIES DE TELEVIS\u00c3O \u2013 CANDIDATURAS AT\u00c9 6 DE MAIO DE 2022 Est\u00e1 online o concurso para atribui\u00e7\u00e3o de pr\u00e9mios e contributos a favor de [&hellip;]","protected":false},"author":1,"featured_media":0,"comment_status":"","ping_status":"","sticky":false,"template":"","format":"standard","meta":{"footnotes":""},"tags":[],"class_list":["post-940","post","type-post","status-publish","format-standard","hentry"],"_links":{"self":[{"href":"https:\/\/ambluanda.esteri.it\/pt\/wp-json\/wp\/v2\/posts\/940","targetHints":{"allow":["GET"]}}],"collection":[{"href":"https:\/\/ambluanda.esteri.it\/pt\/wp-json\/wp\/v2\/posts"}],"about":[{"href":"https:\/\/ambluanda.esteri.it\/pt\/wp-json\/wp\/v2\/types\/post"}],"author":[{"embeddable":true,"href":"https:\/\/ambluanda.esteri.it\/pt\/wp-json\/wp\/v2\/users\/1"}],"replies":[{"embeddable":true,"href":"https:\/\/ambluanda.esteri.it\/pt\/wp-json\/wp\/v2\/comments?post=940"}],"version-history":[{"count":0,"href":"https:\/\/ambluanda.esteri.it\/pt\/wp-json\/wp\/v2\/posts\/940\/revisions"}],"wp:attachment":[{"href":"https:\/\/ambluanda.esteri.it\/pt\/wp-json\/wp\/v2\/media?parent=940"}],"wp:term":[{"taxonomy":"post_tag","embeddable":true,"href":"https:\/\/ambluanda.esteri.it\/pt\/wp-json\/wp\/v2\/tags?post=940"}],"curies":[{"name":"wp","href":"https:\/\/api.w.org\/{rel}","templated":true}]}}