{"id":981,"date":"2021-11-29T16:18:11","date_gmt":"2021-11-29T15:18:11","guid":{"rendered":"https:\/\/ambluanda.esteri.it\/news\/dall_ambasciata\/2021\/11\/partecipazione-dell-ambasciatore_4-2\/"},"modified":"2021-11-29T16:18:11","modified_gmt":"2021-11-29T15:18:11","slug":"partecipazione-dell-ambasciatore_4-2","status":"publish","type":"post","link":"https:\/\/ambluanda.esteri.it\/pt\/news\/dall_ambasciata\/2021\/11\/partecipazione-dell-ambasciatore_4-2\/","title":{"rendered":"PARTICIPA\u00c7\u00c3O DO EMBAIXADOR CRISTIANO GALLO NA BIENAL DE LUANDA"},"content":{"rendered":"<p style=\"text-align: justify;\">O Embaixador Cristiano Gallo partecipou no s\u00e1bado passado dia 27 de Novembro, na cerim\u00f3nia de inaugura\u00e7\u00e3o da Segunda Edi\u00e7\u00e3o da Bienal de Luanda \u2013 F\u00f3rum Pan-Africano para a Cultura de Paz, evento no qual interviram cinco Chefes de Estado, dois Vice Presidentes, numerosas Autoridades institucionais, governamentais, estrangeiras, Representantes das Organiza\u00e7\u00f5es Internacionais, membros do Corpo diplomatico acreditado em Angola e expoentes da sociedade civil africana. Na foto, o Embaixador Gallo entret\u00e9m-se com a Ministra de Estado para a \u00c1rea Social Carolina Cerqueira, coordenadora da organiza\u00e7\u00e3o da segunda Bienal de Luanda. Por causa da pandemia, o evento \u00e9 organizado em formato h\u00edbrido, seja em presen\u00e7a que em modalidade virtual; o Pavilh\u00e3o da It\u00e1lia pode ser visitado accessando o site <a href=\"https:\/\/www.unesco.org\/biennaleluanda\/2021\/en\/italy\">https:\/\/www.unesco.org\/biennaleluanda\/2021\/en\/italy<\/a><\/p>\n","protected":false},"excerpt":{"rendered":"O Embaixador Cristiano Gallo partecipou no s\u00e1bado passado dia 27 de Novembro, na cerim\u00f3nia de inaugura\u00e7\u00e3o da Segunda Edi\u00e7\u00e3o da Bienal de Luanda \u2013 F\u00f3rum Pan-Africano para a Cultura de Paz, evento no qual interviram cinco Chefes de Estado, dois Vice Presidentes, numerosas Autoridades institucionais, governamentais, estrangeiras, Representantes das Organiza\u00e7\u00f5es Internacionais, membros do Corpo diplomatico [&hellip;]","protected":false},"author":1,"featured_media":0,"comment_status":"","ping_status":"","sticky":false,"template":"","format":"standard","meta":{"footnotes":""},"tags":[],"class_list":["post-981","post","type-post","status-publish","format-standard","hentry"],"_links":{"self":[{"href":"https:\/\/ambluanda.esteri.it\/pt\/wp-json\/wp\/v2\/posts\/981","targetHints":{"allow":["GET"]}}],"collection":[{"href":"https:\/\/ambluanda.esteri.it\/pt\/wp-json\/wp\/v2\/posts"}],"about":[{"href":"https:\/\/ambluanda.esteri.it\/pt\/wp-json\/wp\/v2\/types\/post"}],"author":[{"embeddable":true,"href":"https:\/\/ambluanda.esteri.it\/pt\/wp-json\/wp\/v2\/users\/1"}],"replies":[{"embeddable":true,"href":"https:\/\/ambluanda.esteri.it\/pt\/wp-json\/wp\/v2\/comments?post=981"}],"version-history":[{"count":0,"href":"https:\/\/ambluanda.esteri.it\/pt\/wp-json\/wp\/v2\/posts\/981\/revisions"}],"wp:attachment":[{"href":"https:\/\/ambluanda.esteri.it\/pt\/wp-json\/wp\/v2\/media?parent=981"}],"wp:term":[{"taxonomy":"post_tag","embeddable":true,"href":"https:\/\/ambluanda.esteri.it\/pt\/wp-json\/wp\/v2\/tags?post=981"}],"curies":[{"name":"wp","href":"https:\/\/api.w.org\/{rel}","templated":true}]}}